{"id":485,"date":"2008-10-10T00:01:14","date_gmt":"2008-10-09T22:01:14","guid":{"rendered":"http:\/\/www.logoroe.ch\/?p=485"},"modified":"2021-12-22T23:19:50","modified_gmt":"2021-12-22T22:19:50","slug":"die-klasse-von-1984","status":"publish","type":"post","link":"https:\/\/www.logoroe.ch\/?p=485","title":{"rendered":"Die Klasse von 1984"},"content":{"rendered":"<p><a href=\"https:\/\/www.logoroe.ch\/?p=485\"><img loading=\"lazy\" decoding=\"async\" class=\"alignleft wp-image-484\" title=\"https:\/\/www.logoroe.ch\/?p=485\" src=\"https:\/\/www.logoroe.ch\/wp-content\/uploads\/2008\/10\/klein-staro.jpg\" alt=\"\" width=\"98\" height=\"114\" \/><\/a><\/p>\n<p>Wer irgendwann einmal im Kanton Z\u00fcrich eine Schule (oder einen Kindergarten) besucht hat, der kann sich auf eine Zeitreise der besonderen Art begeben. Der Lehrmittelverlag des Kantons Z\u00fcrich hat 50&#8217;000 Fotografien ins Internet gestellt. G\u00e4hn? Mitnichten! Es handelt sich dabei allesamt um Klassenfotos, in welchen auch du deine eigenen entdecken kannst!<\/p>\n<p><!--more--><\/p>\n<p>Mit der Erinnerung an die eigene Vergangenheit ist es so ein Ding. Irgendwie erh\u00e4lt man ein vertrautes, wohliges Gef\u00fchl, wenn man an (gute) alte Zeiten zur\u00fcckdenkt, gemischt jedoch mit einem geh\u00f6rigen Schuss Melancholie \u00e0 la\u00a0<em>&#8222;Alles ist verg\u00e4nglich&#8220;<\/em> und <em>&#8222;wie schnell die Zeit doch rennt&#8220; <\/em>etc..<\/p>\n<p>Nehmen wir zum Beispiel Staromats Primarschulklasse von 1984:<\/p>\n<p><img loading=\"lazy\" decoding=\"async\" class=\"alignnone size-full wp-image-486\" title=\"Ruggi 3\" src=\"https:\/\/www.logoroe.ch\/wp-content\/uploads\/2008\/10\/klasse-logoroe.jpg\" alt=\"\" width=\"500\" height=\"359\" \/><\/p>\n<p>Erst bin ich erschrocken, weil das Gef\u00fchl aufkam, <em>jesses Gott, ich habe ja gar keine Ahnung mehr, wie die alle \u00fcberhaupt hiessen. <\/em>Dann l\u00e4sst man etwas Zeit verstreichen, betrachtet das Foto nochmals und pl\u00f6tzlich ist alles wieder da!<\/p>\n<p>&#8211; Roger (mittlere Reihe, dritter von rechts), den wir einmal (auf seinen eigenen Wunsch &#8211; glaube ich zumindest) auf den mit Rollen ausgestatteten Stuhl der Lehrerin gefesselt hatten und begeistert einander zuschubsten, bis eine T\u00fcrschwelle ihn zu Sturz brachte. Kieferbruch und Zahnverlust waren die Folge, da der arme Junge sich aufgrund der festgezurrten H\u00e4nde nicht auffangen konnte, was zu einer \u00fcblen Versicherungsgeschichte f\u00fchrte. (Mitunter \u00fcbel, weil keiner von uns daran beteiligt gewesen sein wollte.)<\/p>\n<p>&#8211; Monika (mittlere Reihe, vierte von rechts), mit der ich &#8211; ansonsten ein sehr friedliebender Zeitgenosse &#8211; im grossen Schulbrunnenbecken eine &#8222;Schl\u00e4gerei&#8220; ausgetragen hatte. Der ganze Pausenplatz stand im Kreis um uns herum und feuerte\u00a0uns an. Also prim\u00e4r wurde f\u00fcr Monika Partei ergriffen, obwohl sie sicher 20 Zentimeter gr\u00f6sser war als ich! Wir standen knietief im Wasser und ich wusste ganz genau: der Ausgang dieses Kampfes w\u00fcrde einen grossen Einfluss auf die Qualit\u00e4t meiner restlichen Schulzeit haben. Die Pausenglocke rettete mich in ein\u00a0Unentschieden, wobei ich heute noch sicher bin: schlussendlich h\u00e4tte ich gewonnen&#8230;<\/p>\n<p>&#8211; Bojana (untere Reihe, zweite von links), von der ich nur noch weiss, dass sie Bojana hiess.<\/p>\n<p>&#8211; Patricia (mittlere Reihe, vierte von links), die die halbe\u00a0Schulzeit lang das M\u00e4dchen meiner Tr\u00e4ume gewesen war, bis sie von der bezaubernden Janine (bedauernswerterweise kein Foto gefunden)\u00a0abgel\u00f6st wurde.<\/p>\n<p>&#8211; Sacha (mittlere Reihe, gleich rechts von Patricia!), welcher damals eigentlich ein guter Freund von mir gewesen war, jedoch eine Liaison zu viel mit Patricia hatte&#8230;<\/p>\n<p>&#8211; Christian (mittlere Reihe, ganz rechts), den wir spasseshalber praktisch in jeder Pause mit Steinen bewarfen, bis dessen Mutter uns nach der Schule &#8211; voll in Rage &#8211; abpasste und was weiss ich mit uns gemacht h\u00e4tte, h\u00e4tten wir nicht das bessere Street-Knowhow gehabt und durch die B\u00fcsche fl\u00fcchten k\u00f6nnen&#8230;<\/p>\n<p>&#8211; Sebi (unterste Reihe, genau in der Mitte), der so gut wie kein einziges Wort Deutsch sprechen konnte und den wir deshalb stets massiv auf die Schippe nahmen, bis er in regelm\u00e4ssigen Abst\u00e4nden von ein, zwei Monaten ausrastete und im Unterricht mit St\u00fchlen um sich warf. Auch eine Art der Kommunikation&#8230;<\/p>\n<p>&#8211; Daniel (unterste Reihe, dritter von rechts), der dank seiner japanischen Mutter ein supermodernes Computerspiel besass, wo man mit Raketen Raumschiffe abschiessen konnte und welches in der Schweiz nirgends erh\u00e4ltlich war &#8211; was ihn nicht gleich zum Helden der Klasse aber ganz sicher zu meinem pers\u00f6nlichen Hero machte.<\/p>\n<p>&#8211; Steve (unterste Reihe, dritter von links), der aufgrund seiner geschiedenen Eltern (absoluter Trendsetter damals), stets mit Geschenken \u00fcbersch\u00fcttet wurde, weshalb man sehr gerne bei ihm zuhause spielen ging (obwohl seine Mutter unglaublich scharfen Reis kochte &#8211; mir brennt der Hals noch heute).<\/p>\n<p>Und so kommt &#8211; fr\u00fcher oder sp\u00e4ter &#8211; zu jeder einzelnen Gestalt ein Name und eine oder mehrere Geschichten hinzu. Unglaublich, was in unserem Hirn alles abgespeichert ist! An all die obigen Erlebnisse und an die meisten der damaligen Schulkameraden habe ich mit Sicherheit (mal abgesehen von Patricia und Janine) die letzten 20 Jahre kein einziges Mal gedacht. Und trotzdem ist alles noch da&#8230;<\/p>\n<p>Hier der Link f\u00fcr eure eigenen Reisen zur\u00fcck in die Vergangenheit: <a href=\"http:\/\/www.klassenfotoarchiv.ch\/\" target=\"_blank\" rel=\"noopener noreferrer\">klassenfotoarchiv.ch<\/a><\/p>\n<p><img loading=\"lazy\" decoding=\"async\" class=\"alignnone size-full wp-image-307\" title=\"trennlinie\" src=\"https:\/\/www.logoroe.ch\/wp-content\/uploads\/2008\/08\/trennlinie.gif\" alt=\"\" width=\"500\" height=\"10\" \/><\/p>\n<p><em>Based on a true Story &#8211; Staromat erz\u00e4hlt als offenes Buch Geschehnisse, die sein Leben bewegten.\u00a0<\/em><\/p>\n<p><a href=\"https:\/\/www.logoroe.ch\/?cat=41\"><em>Hier geht&#8217;s zu allen Erlebnissen!<\/em><\/a><\/p>\n<p>&nbsp;<\/p>\n","protected":false},"excerpt":{"rendered":"<p>Wer irgendwann einmal im Kanton Z\u00fcrich eine Schule (oder einen Kindergarten) besucht hat, der kann sich auf eine Zeitreise der besonderen Art begeben. Der Lehrmittelverlag des Kantons Z\u00fcrich hat 50&#8217;000 Fotografien ins Internet gestellt. G\u00e4hn? Mitnichten! Es handelt sich dabei allesamt um Klassenfotos, in welchen auch du deine eigenen entdecken kannst!<\/p>\n","protected":false},"author":7,"featured_media":0,"comment_status":"open","ping_status":"closed","sticky":false,"template":"","format":"standard","meta":{"footnotes":""},"categories":[41],"tags":[],"class_list":["post-485","post","type-post","status-publish","format-standard","hentry","category-based-on-a-true-story"],"_links":{"self":[{"href":"https:\/\/www.logoroe.ch\/index.php?rest_route=\/wp\/v2\/posts\/485","targetHints":{"allow":["GET"]}}],"collection":[{"href":"https:\/\/www.logoroe.ch\/index.php?rest_route=\/wp\/v2\/posts"}],"about":[{"href":"https:\/\/www.logoroe.ch\/index.php?rest_route=\/wp\/v2\/types\/post"}],"author":[{"embeddable":true,"href":"https:\/\/www.logoroe.ch\/index.php?rest_route=\/wp\/v2\/users\/7"}],"replies":[{"embeddable":true,"href":"https:\/\/www.logoroe.ch\/index.php?rest_route=%2Fwp%2Fv2%2Fcomments&post=485"}],"version-history":[{"count":37,"href":"https:\/\/www.logoroe.ch\/index.php?rest_route=\/wp\/v2\/posts\/485\/revisions"}],"predecessor-version":[{"id":8573,"href":"https:\/\/www.logoroe.ch\/index.php?rest_route=\/wp\/v2\/posts\/485\/revisions\/8573"}],"wp:attachment":[{"href":"https:\/\/www.logoroe.ch\/index.php?rest_route=%2Fwp%2Fv2%2Fmedia&parent=485"}],"wp:term":[{"taxonomy":"category","embeddable":true,"href":"https:\/\/www.logoroe.ch\/index.php?rest_route=%2Fwp%2Fv2%2Fcategories&post=485"},{"taxonomy":"post_tag","embeddable":true,"href":"https:\/\/www.logoroe.ch\/index.php?rest_route=%2Fwp%2Fv2%2Ftags&post=485"}],"curies":[{"name":"wp","href":"https:\/\/api.w.org\/{rel}","templated":true}]}}