{"id":13,"date":"2007-02-01T00:50:00","date_gmt":"2007-01-31T22:50:00","guid":{"rendered":"http:\/\/www.logoroe.ch\/?p=13"},"modified":"2021-12-23T08:55:09","modified_gmt":"2021-12-23T07:55:09","slug":"wir-leben-zurich","status":"publish","type":"post","link":"https:\/\/www.logoroe.ch\/?p=13","title":{"rendered":"Wir leben Z\u00fcrich"},"content":{"rendered":"<p>Wir leben Z\u00fcrich! Was f\u00fcr ein fantastisches neues Motto f\u00fcr unsere little big city. Und es ist auch unglaublich nah am wirklichen Leben! Es erinnert mich extrem an von Jugendlichen ausgesprochene S\u00e4tze voller Inhalt wie &#8222;Ey Mann! G\u00f6mmer Langstrass oder g\u00f6mmer McDonalds?&#8220;<\/p>\n<p><!--more--><\/p>\n<p>Diese Woche im Tram mitgeh\u00f6rter Dialog zwischen drei Jugendlichen, welche zwei Reihen hinter mir sassen. (Eigentlich handelte es sich dabei jedoch eher bloss um einen Monolog des Cliquen-Anf\u00fchrers, da die zwei anderen Jungs bloss mit Einsch\u00fcben wie &#8222;Ey! Voll krass!&#8220; oder &#8222;Ja Mann!&#8220; am Gespr\u00e4ch beteiligt waren.)<\/p>\n<p><strong>Ihr k\u00e4nned doch d\u00e4 Sven, oder? <\/strong>[Wie gesagt, hier und an allen folgenden Stellen mit kurzen Pausen stets das doppelte &#8222;Ja Mann!&#8220;] <strong>Hey, d\u00e4 Sven, d\u00e4 isch voll krass! Ich mein, er isch w\u00fcrklich d\u00e4nne!<\/strong><\/p>\n<p><strong>Ich bin mit ihm und zwei Fraue im Kino gsi. Voll d\u00e4 Scheiss Film, Mann! A d\u00e4 Kasse voll peinlich! Sie h\u00e4nd gmeint, d\u00e4 Sven zahlt, aber er h\u00e4t gseit, sie m\u00fcend s\u00e4lber zahle! Ich mein, er h\u00e4t sie iglade, aber sie m\u00fcend zahle! Voll d\u00e4 Mongo! Uf all F\u00e4ll, d\u00e4 Film isch w\u00fcrklich Scheisse gsi, nachher sind mir in Club, will er h\u00e4t gseit, er segi G\u00e4stelischte! D\u00e4nn isch er aber voll n\u00f6d G\u00e4schtelischte gsi! Er h\u00e4t nat\u00fcrlich glich ine welle, aber sie sind d\u00e4nn z&#8217;foifte vor ihn anegstande! Voll krass, ey!<br \/>\n<\/strong><\/p>\n<p>Sehr gerne h\u00e4tte ich an dieser Stelle sowohl den Filmtitel als auch den Namen des Lokals erfahren, aber daf\u00fcr blieb leider keine Zeit, denn&#8230;<\/p>\n<p><strong>Ich mein, d\u00e4 Sven isch voll d\u00e4 Mongo! Aber es isch guet wenn er isch din Kolleg. Will, er kennt viel L\u00fct! Und au s\u00fcscht, ich mein, ich s\u00e4ge nie \u00f6ppis gegen ihn, will er h\u00e4t Waffe! Und du weisch<\/strong> [mit &#8222;du&#8220; sprach er immer beide Zuh\u00f6rer gleichzeitig an] <strong>er h\u00e4t scho mal eine agschosse, d\u00e4 Trottel! Aber es isch n\u00f6d schlimm gsi, will er isch no Jugendliche gsi. <\/strong><\/p>\n<p>F\u00fcr den Fall, dass ich mich einmal anschiessen lassen sollte, notierte ich mir gedanklich, dass dies unbedingt durch einen Jugendlichen geschehen m\u00fcsste, damit das dann nicht so schlimm sein w\u00fcrde.<\/p>\n<p>Zum Unmute aller im Tram mitfahrenden Zuh\u00f6rer wendete sich der Sprecher pl\u00f6tzlich ab vom Thema Sven (jetzt wo es gerade so richtig spannend geworden war) und richtete sich direkt an einen seiner beiden Kollegen:<\/p>\n<p><strong>Und wie gseht&#8217;s eigentlich bi dir us? Du h\u00e4sch doch Match gha h\u00fct? H\u00e4sch jetzt d\u00f6rfe spiele oder n\u00f6d? Was!?! Nume dr\u00fc Minute? H\u00e4sch wenigschtens Ball ber\u00fcehrt? Scheisse Mann! Das gseht n\u00f6d guet us f\u00fcr dich, wenn sie mached Kaderreduzierig!<br \/>\n<\/strong><\/p>\n<p>Ich blickte kurz zur\u00fcck. Scheisse Mann! Der Angesprochene war vielleicht 16 Jahre alt und musste sich bereits mit Kaderreduzierungen herumschlagen. Was f\u00fcr eine Welt wir leben?<\/p>\n<p>Das erinnerte mich dann noch an eine Szene, die ich einmal auf einem Fussballplatz in Wiedikon erlebte. Wir spielten ein kleines M\u00e4tschli unter KollegInnen, als pl\u00f6tzlich ein ca. 14j\u00e4hriger Jugendlicher auftauchte und ebenfalls mitspielte. Da er unseren Sinn der Sache nicht ganz mitbekommen hatte, machten wir ihn mehrmals darauf aufmerksam, dass weder foulen noch sinnlos dribbeln noch brutal scharf drauflos schiessen bei uns Anklang f\u00e4nden. Irgendwann machte es Klick in seinem Kopf und er drehte v\u00f6llig durch. Wir seien allesamt Arschl\u00f6cher und er mache uns fertig und er hole jetzt seine Kollegen und dann k\u00e4me er wieder und dann ginge es uns an den Kragen (Original-Wortlaut: &#8222;Ich mach eu tot, Mann!&#8220;). Und weg war er. Wie gesagt, wir waren ansonsten eigentlich allesamt Erwachsene auf dem Platz.<\/p>\n<p>Auf meine Bemerkung, ou ou, wie denn das rauskommen w\u00fcrde, wenn der Kleine mal 20 Jahre alt sein w\u00fcrde, meinte mein Kollege Philippe bloss trocken: &#8222;Wenn der so weitermacht, wird er keine 20ig.&#8220;<\/p>\n<p>Wir leben Z\u00fcrich? Ja aber voll krass, Mann!<\/p>\n<p><img loading=\"lazy\" decoding=\"async\" title=\"trennlinie\" src=\"https:\/\/www.logoroe.ch\/wp-content\/uploads\/2008\/08\/trennlinie.gif\" alt=\"\" width=\"500\" height=\"10\" \/><\/p>\n<p><em>Phil &amp; Sophie: Gedanken \u00fcber Gott, die Welt und alles was sich dazwischen und darum herum befindet.<\/em><\/p>\n<p><a href=\"https:\/\/www.logoroe.ch\/?cat=53\"><em>Hier geht&#8217;s zu weiteren allumfassenden Erkenntnissen!<\/em><\/a><b><\/b><\/p>\n<p>&nbsp;<\/p>\n","protected":false},"excerpt":{"rendered":"<p>Wir leben Z\u00fcrich! Was f\u00fcr ein fantastisches neues Motto f\u00fcr unsere little big city. Und es ist auch unglaublich nah am wirklichen Leben! Es erinnert mich extrem an von Jugendlichen ausgesprochene S\u00e4tze voller Inhalt wie &#8222;Ey Mann! G\u00f6mmer Langstrass oder g\u00f6mmer McDonalds?&#8220;<\/p>\n","protected":false},"author":7,"featured_media":0,"comment_status":"open","ping_status":"closed","sticky":false,"template":"","format":"standard","meta":{"footnotes":""},"categories":[53],"tags":[],"class_list":["post-13","post","type-post","status-publish","format-standard","hentry","category-phil-sophie"],"_links":{"self":[{"href":"https:\/\/www.logoroe.ch\/index.php?rest_route=\/wp\/v2\/posts\/13","targetHints":{"allow":["GET"]}}],"collection":[{"href":"https:\/\/www.logoroe.ch\/index.php?rest_route=\/wp\/v2\/posts"}],"about":[{"href":"https:\/\/www.logoroe.ch\/index.php?rest_route=\/wp\/v2\/types\/post"}],"author":[{"embeddable":true,"href":"https:\/\/www.logoroe.ch\/index.php?rest_route=\/wp\/v2\/users\/7"}],"replies":[{"embeddable":true,"href":"https:\/\/www.logoroe.ch\/index.php?rest_route=%2Fwp%2Fv2%2Fcomments&post=13"}],"version-history":[{"count":5,"href":"https:\/\/www.logoroe.ch\/index.php?rest_route=\/wp\/v2\/posts\/13\/revisions"}],"predecessor-version":[{"id":8616,"href":"https:\/\/www.logoroe.ch\/index.php?rest_route=\/wp\/v2\/posts\/13\/revisions\/8616"}],"wp:attachment":[{"href":"https:\/\/www.logoroe.ch\/index.php?rest_route=%2Fwp%2Fv2%2Fmedia&parent=13"}],"wp:term":[{"taxonomy":"category","embeddable":true,"href":"https:\/\/www.logoroe.ch\/index.php?rest_route=%2Fwp%2Fv2%2Fcategories&post=13"},{"taxonomy":"post_tag","embeddable":true,"href":"https:\/\/www.logoroe.ch\/index.php?rest_route=%2Fwp%2Fv2%2Ftags&post=13"}],"curies":[{"name":"wp","href":"https:\/\/api.w.org\/{rel}","templated":true}]}}