{"id":101,"date":"2007-02-17T13:31:05","date_gmt":"2007-02-17T11:31:05","guid":{"rendered":"http:\/\/www.logoroe.ch\/?p=101"},"modified":"2021-12-23T22:19:45","modified_gmt":"2021-12-23T21:19:45","slug":"35-jahre-lang-haken-fur-den-duschvorhang","status":"publish","type":"post","link":"https:\/\/www.logoroe.ch\/?p=101","title":{"rendered":"35 Jahre lang Haken f\u00fcr den Duschvorhang"},"content":{"rendered":"<p>Diese Woche habe ich ausser Arbeiten praktisch nichts anderes gemacht und dementsprechend auch kein einziges Foto geschossen. Es gibt jedoch ein altes Bild, welches ich vor vielen Jahren einmal ausgeschnitten habe, welches mir in solchen Situationen irgendwie einen Sinn im Leben zur\u00fcckgibt.<\/p>\n<p><!--more--><\/p>\n<p>Wem geht es nicht auch manchmal so? Die Wochentage schleppen sich so dahin und man erh\u00e4lt das Gef\u00fchl, dass, kaum hat man den Arbeitsort Richtung Feierabend verlassen, auch schon wieder der Wecker klingelt und den n\u00e4chsten (Arbeits)Tag einl\u00e4utet.<\/p>\n<p>Nach einigen solchen Tagen beginnt man sich Gedanken zu machen. Kann es das gewesen sein? Wurde das ganze Wunder des Lebens wirklich (von wem auch immer) dazu entworfen, dass wir bloss malochen, bis die Kr\u00e4fte ausgehen? Ist es denn wenigstens irgendwo sinnvoll, mit was wir die Bl\u00fctezeit unseres Lebens verbringen?<\/p>\n<p>In solchen Situationen greife ich jeweils auf ein Bild zur\u00fcck, welches ich vor ca. 10 Jahren in einer Coop- oder Migros-Zeitung ausgeschnitten habe. Das Bild ist nicht wirklich umwerfend, aber die dazugeh\u00f6rige Legende baut mich auch heute noch jedes Mal wieder auf.<\/p>\n<p><a href=\"https:\/\/www.logoroe.ch\/wp-content\/uploads\/2008\/08\/wanner.jpg\"><img loading=\"lazy\" decoding=\"async\" class=\"aligncenter size-full wp-image-100\" title=\"wanner\" src=\"https:\/\/www.logoroe.ch\/wp-content\/uploads\/2008\/08\/wanner.jpg\" alt=\"\" width=\"220\" height=\"325\" \/><\/a><\/p>\n<p>Lieber Herr Wanner, falls Sie auf irgendwelchen Wegen Zugang zu diesem Beitrag erhalten: Bitte verstehen Sie meinen Text hier nicht f\u00e4lschlicherweise als Verballhornung Ihrer Person. Ich selbst bin jedes Mal wieder unendlich dankbar dar\u00fcber, wenn die Essigkonserven richtig platziert sind. Es gibt nichts \u00e4tzenderes, als wenn man zum Raclette statt der gew\u00fcnschten Gurken irgendwelche Rollm\u00f6pse eingekauft hat, bloss weil das Regal un\u00fcbersichtlich gestaltet wurde.<\/p>\n<p>Zudem gibt es wenige, mir fremde Menschen, die meinen Alltag dermassen regelm\u00e4ssig aufgehellt haben wie Sie, hingen Sie doch beispielsweise die ersten drei Jahre sogar an der Pinnwand hinter meinem ehemaligen Arbeitsplatz.<\/p>\n<p><strong>Update<\/strong> Dienstag, 20.2.2007<\/p>\n<p>Die eben begonnene Woche sieht schon wieder ziemlich \u00e4hnlich aus, wie die oben beschriebene. In der Nacht auf heute erwachte ich um 2 Uhr morgens mit dem perfekten Soundtrack dazu im Kopf. Ohne dass ich den Song in der letzten Zeit mal geh\u00f6rt h\u00e4tte, sang eine Stimme (ist das jetzt die sogenannte Kopfstimme?) immer wieder die erste Strophe des Tote-Hosen-Lieds &#8222;Hier kommt Alex&#8220;.<\/p>\n<p><em>In einer Welt, in der man nur noch lebt,<br \/>\ndamit man t\u00e4glich roboten geht,<br \/>\nist die gr\u00f6\u00dfte Aufregung, die es noch gibt,<br \/>\ndas allabendliche Fernsehbild.<\/em><\/p>\n<p>Fast noch besser zum Thema passt der gesamte Text des Songs &#8222;35 Jahre&#8220; der gleichen Band. Den habe ich jetzt nicht getr\u00e4umt, aber man sollte sich auch nicht \u00fcberfordern in den N\u00e4chten.<\/p>\n<p><em>Er sitzt die meiste Zeit am Fenster<br \/>\nmit einem Kissen unter&#8217;m Arm.<br \/>\nIst ein Fahrrad auf dem Gehweg,<br \/>\nist ein Wagen falsch geparkt?<br \/>\nEr ist allzeit bereit und schl\u00e4gt Alarm. <\/em><\/p>\n<p><em>Vor einem Jahr ging er in Rente,<br \/>\nnun wei\u00df er nicht, wie&#8217;s weiter geht.<br \/>\nSein Wellensittich ist der letzte,<br \/>\nder hin und wieder mit ihm spricht,<br \/>\nwenn er allein vor seiner Fototapete sitzt. <\/em><\/p>\n<p><em>35 Jahre lang<br \/>\nHaken f\u00fcr den Duschvorhang.<br \/>\n35 Jahre lang<br \/>\nHaken f\u00fcr den Duschvorhang. <\/em><\/p>\n<p><em>Fr\u00fcher stand er mal am Flie\u00dfband<br \/>\nin Halle 24 B.<br \/>\nEr war Kolonnenf\u00fchrer,<br \/>\ndenn er hat sich hochgedient.<br \/>\nDie Stechuhr hat seinen Lebenslauf bestimmt. <\/em><\/p>\n<p><em>Sein allererster Blaumann<br \/>\nh\u00e4ngt wie &#8217;ne Uniform im Schrank.<br \/>\nDen Abschiedsbrief der Firma<br \/>\nhat er sich eingerahmt.<br \/>\nEr macht die selbe Fr\u00fchst\u00fcckspause wie in all den Jahrn. <\/em><\/p>\n<p><em>35 Jahre lang<br \/>\nHaken f\u00fcr den Duschvorhang.<br \/>\n35 Jahre lang<br \/>\nHaken f\u00fcr den Duschvorhang.<\/em><\/p>\n<p><img loading=\"lazy\" decoding=\"async\" title=\"trennlinie\" src=\"https:\/\/www.logoroe.ch\/wp-content\/uploads\/2008\/08\/trennlinie.gif\" alt=\"\" width=\"500\" height=\"10\" \/><\/p>\n<p><em>Phil &amp; Sophie: Gedanken \u00fcber Gott, die Welt und alles was sich dazwischen und darum herum befindet.<\/em><\/p>\n<p><a href=\"https:\/\/www.logoroe.ch\/?cat=53\"><em>Hier geht&#8217;s zu weiteren allumfassenden Erkenntnissen!<\/em><\/a><b><\/b><\/p>\n<p>&nbsp;<\/p>\n","protected":false},"excerpt":{"rendered":"<p>Diese Woche habe ich ausser Arbeiten praktisch nichts anderes gemacht und dementsprechend auch kein einziges Foto geschossen. Es gibt jedoch ein altes Bild, welches ich vor vielen Jahren einmal ausgeschnitten habe, welches mir in solchen Situationen irgendwie einen Sinn im Leben zur\u00fcckgibt.<\/p>\n","protected":false},"author":7,"featured_media":0,"comment_status":"open","ping_status":"closed","sticky":false,"template":"","format":"standard","meta":{"footnotes":""},"categories":[53],"tags":[],"class_list":["post-101","post","type-post","status-publish","format-standard","hentry","category-phil-sophie"],"_links":{"self":[{"href":"https:\/\/www.logoroe.ch\/index.php?rest_route=\/wp\/v2\/posts\/101","targetHints":{"allow":["GET"]}}],"collection":[{"href":"https:\/\/www.logoroe.ch\/index.php?rest_route=\/wp\/v2\/posts"}],"about":[{"href":"https:\/\/www.logoroe.ch\/index.php?rest_route=\/wp\/v2\/types\/post"}],"author":[{"embeddable":true,"href":"https:\/\/www.logoroe.ch\/index.php?rest_route=\/wp\/v2\/users\/7"}],"replies":[{"embeddable":true,"href":"https:\/\/www.logoroe.ch\/index.php?rest_route=%2Fwp%2Fv2%2Fcomments&post=101"}],"version-history":[{"count":3,"href":"https:\/\/www.logoroe.ch\/index.php?rest_route=\/wp\/v2\/posts\/101\/revisions"}],"predecessor-version":[{"id":8662,"href":"https:\/\/www.logoroe.ch\/index.php?rest_route=\/wp\/v2\/posts\/101\/revisions\/8662"}],"wp:attachment":[{"href":"https:\/\/www.logoroe.ch\/index.php?rest_route=%2Fwp%2Fv2%2Fmedia&parent=101"}],"wp:term":[{"taxonomy":"category","embeddable":true,"href":"https:\/\/www.logoroe.ch\/index.php?rest_route=%2Fwp%2Fv2%2Fcategories&post=101"},{"taxonomy":"post_tag","embeddable":true,"href":"https:\/\/www.logoroe.ch\/index.php?rest_route=%2Fwp%2Fv2%2Ftags&post=101"}],"curies":[{"name":"wp","href":"https:\/\/api.w.org\/{rel}","templated":true}]}}